{"id":292,"date":"2021-08-04T14:42:00","date_gmt":"2021-08-04T14:42:00","guid":{"rendered":"https:\/\/vendegeim.hu\/blog\/?p=292"},"modified":"2022-04-19T14:56:02","modified_gmt":"2022-04-19T14:56:02","slug":"crm-rendszer-mukodese","status":"publish","type":"post","link":"https:\/\/vendegeim.hu\/blog\/crm-rendszer-mukodese\/","title":{"rendered":"CRM rendszer haszn\u00e1lata \u00e9ttermek sz\u00e1m\u00e1ra"},"content":{"rendered":"\n<p>A digit\u00e1lis kor el\u0151rehaladt\u00e1val az \u00e9ttermek sz\u00e1m\u00e1ra rengeteg \u00faj lehet\u0151s\u00e9g ny\u00edlt arra, hogy hat\u00e9konyabb\u00e1 tegy\u00e9k m\u0171k\u00f6d\u00e9s\u00fcket. Ilyenek t\u00f6bbek k\u00f6zt a CRM rendszerek is, melyek legf\u0151bb feladata az \u00fcgyf\u00e9lkapcsolatok hat\u00e9konyabb\u00e1 t\u00e9tele.<\/p>\n\n\n\n<p>De mi is az a CRM eg\u00e9sz pontosan \u00e9s milyen szempontb\u00f3l j\u00f6het j\u00f3l egy vend\u00e9gl\u00e1t\u00f3s sz\u00e1m\u00e1ra? Ebben a cikkben \u00f6sszegy\u0171jt\u00f6tt\u00fck a legfontosabb dolgokat, melyeket a t\u00e9m\u00e1r\u00f3l tudni \u00e9rdemes.<\/p>\n\n\n\n<h2 class=\"wp-block-heading\"><strong>Mi az a CRM?<\/strong><\/h2>\n\n\n\n<p>A CRM bet\u0171sz\u00f3 nem m\u00e1s, mint az angol <em><strong>Customer Relationship Management<\/strong><\/em> kifejez\u00e9s, azaz az \u00fcgyf\u00e9lkapcsolat-menedzsment r\u00f6vid\u00edt\u00e9se. <\/p>\n\n\n\n<p><strong>Ebb\u0151l m\u00e1r sejthet\u0151, <\/strong>hogy a CRM rendszerek olyan <strong>szoftverek<\/strong>, amelyek c\u00e9lja az <strong>\u00fcgyfelekkel<\/strong> val\u00f3 interakci\u00f3 \u00e9s kapcsolattart\u00e1s kezel\u00e9s\u00e9nek egyszer\u0171bb\u00e9 \u00e9s hat\u00e9konyabb\u00e1 t\u00e9tele.<\/p>\n\n\n\n<p>Egy hat\u00e9kony CRM rendszer elker\u00fclhetetlen az \u00fcgyfelek adatainak gy\u0171jt\u00e9s\u00e9ben \u00e9s kezel\u00e9s\u00e9ben, mely t\u00f6bbek k\u00f6zt a be\u00e9rkez\u0151 rendel\u00e9sek kezel\u00e9se, vagy \u00e9pp a marketing szem\u00e9lyre szab\u00e1sa szempontj\u00e1b\u00f3l is l\u00e9nyeges lehet.<\/p>\n\n\n\n<p>Ezeknek a szoftvereknek alapvet\u0151en h\u00e1rom fajt\u00e1j\u00e1t k\u00fcl\u00f6nb\u00f6ztetj\u00fck meg. Az <strong>operat\u00edv CRM<\/strong>-et, mely a marketing automatiz\u00e1l\u00e1s\u00e1ra \u00e9s a munkafolyamat optimaliz\u00e1l\u00e1s\u00e1ra specializ\u00e1l\u00f3dott, az <strong>analitikai CRM<\/strong>-et, mely az adatok elemz\u00e9s\u00e9re \u00e9s predikt\u00edv modellez\u00e9sre is k\u00e9pes, valamint a <strong>kollaborat\u00edv \u00fcgyf\u00e9lkezel\u0151<\/strong> szoftvereket, melyek legf\u0151bb c\u00e9lja a c\u00e9gen bel\u00fcli egy\u00fcttm\u0171k\u00f6d\u00e9s seg\u00edt\u00e9se, egyszer\u0171bb\u00e9 t\u00e9tele.<\/p>\n\n\n\n<h2 class=\"wp-block-heading\"><strong>Hat\u00e9konyabb adatgy\u0171jt\u00e9s, g\u00f6rd\u00fcl\u00e9kenyebb munkafolyamatok<\/strong><\/h2>\n\n\n\n<p>Ezek a szoftverek egyik <strong>legnagyobb el\u0151nye <\/strong>a hat\u00e9kony adatb\u00e1zis-\u00e9p\u00edt\u00e9s \u00e9s <strong>kezel\u00e9s<\/strong>. Minden programhoz tartozik egy adatb\u00e1zis, melyben \u00f6sszegy\u0171jthetj\u00fck \u00e9s a sz\u00e1munkra fontos adatokat, p\u00e9ld\u00e1ul azon \u00fcgyfelek nev\u00e9t, akik online rendelnek vend\u00e9gl\u0151nkb\u0151l. <\/p>\n\n\n\n<p>Ezeket az inform\u00e1ci\u00f3kat a programon bel\u00fcl hat\u00e9konyan kezelhetj\u00fck, k\u00fcl\u00f6nb\u00f6z\u0151 nyilv\u00e1ntart\u00e1sokat k\u00e9sz\u00edthet\u00fcnk seg\u00edts\u00e9g\u00fckkel, melyeket ak\u00e1r a marketing\u00fcnk hat\u00e9konyabb\u00e1 t\u00e9tele ak\u00e1r k\u00fcl\u00f6nb\u00f6z\u0151 elemz\u00e9sek \u00e9s kimutat\u00e1sok k\u00e9sz\u00edt\u00e9s\u00e9re is haszn\u00e1lhatunk.<\/p>\n\n\n\n<p>Annak \u00e9rdek\u00e9ben, hogy az <strong>adatok begy\u0171jt\u00e9se, t\u00e1rol\u00e1sa \u00e9s kezel\u00e9se<\/strong> a lehet\u0151 leghat\u00e9konyabban tudjon m\u0171k\u00f6dni, a CRM rendszerek az \u00e9ttermi POS rendszerekkel, valamint az online rendel\u00e9s- \u00e9s foglal\u00e1skezel\u0151 megold\u00e1sokkal is \u00f6sszekapcsolhat\u00f3k.<\/p>\n\n\n\n<p><strong>A CRM rendszer <\/strong>\u00e1ltal t\u00e1rolt \u00e9s rendezett adatok seg\u00edtenek abban, hogy jobban megismerj\u00fck c\u00e9lk\u00f6z\u00f6ns\u00e9g\u00fcnket, demogr\u00e1fiai szempontb\u00f3l felt\u00e9rk\u00e9pezz\u00fck azt, kiknek az ig\u00e9nyeihez \u00e9s p\u00e9nzt\u00e1rc\u00e1j\u00e1hoz \u00e9rdemes igaz\u00edtani men\u00fcnket vagy \u00e9pp aktu\u00e1lis akci\u00f3inkat.<\/p>\n\n\n\n<figure class=\"wp-block-image size-large is-style-default\"><img loading=\"lazy\" decoding=\"async\" width=\"1024\" height=\"683\" src=\"https:\/\/vendegeim.hu\/blog\/wp-content\/uploads\/2022\/04\/36173893_m-1024x683.jpeg\" alt=\"Vendegeim_hu_crm\" class=\"wp-image-58\" srcset=\"https:\/\/vendegeim.hu\/blog\/wp-content\/uploads\/2022\/04\/36173893_m-1024x683.jpeg 1024w, https:\/\/vendegeim.hu\/blog\/wp-content\/uploads\/2022\/04\/36173893_m-300x200.jpeg 300w, https:\/\/vendegeim.hu\/blog\/wp-content\/uploads\/2022\/04\/36173893_m-768x512.jpeg 768w, https:\/\/vendegeim.hu\/blog\/wp-content\/uploads\/2022\/04\/36173893_m-1536x1024.jpeg 1536w, https:\/\/vendegeim.hu\/blog\/wp-content\/uploads\/2022\/04\/36173893_m-2048x1365.jpeg 2048w, https:\/\/vendegeim.hu\/blog\/wp-content\/uploads\/2022\/04\/36173893_m-120x80.jpeg 120w\" sizes=\"auto, (max-width: 1024px) 100vw, 1024px\" \/><figcaption><strong>Az \u00fcgyf\u00e9lnyilv\u00e1ntart\u00f3 rendszerek t\u00f6k\u00e9letes eszk\u00f6z\u00f6k a c\u00e9g n\u00f6veked\u00e9s\u00e9re<\/strong><\/figcaption><\/figure>\n\n\n\n<p>De egy <strong>ilyen rendszer seg\u00edthet<\/strong> t\u00f6bbek k\u00f6zt a <strong>munkafolyamatok<\/strong> automatiz\u00e1l\u00e1s\u00e1ban is, amelynek hat\u00e1s\u00e1ra nem csak a <strong>produktivit\u00e1s<\/strong> n\u00f6velhet\u0151, de a <strong>k\u00fcl\u00f6nb\u00f6z\u0151<\/strong> emberi <strong>figyelmetlens\u00e9gb\u0151l<\/strong> ad\u00f3d\u00f3 <strong>mulaszt\u00e1sok<\/strong>, hib\u00e1k is hat\u00e9konyabban elker\u00fclhet\u0151v\u00e9 v\u00e1lnak.<\/p>\n\n\n\n<p>Egy <strong>hat\u00e9kony \u00fcgyf\u00e9lkapcsolati szoftver<\/strong> seg\u00edt t\u00f6bbek k\u00f6zt az email kamp\u00e1nyok automatiz\u00e1l\u00e1s\u00e1ban, ami lehet\u0151v\u00e9 teszi, hogy a marketingc\u00e9l\u00fa \u00fczeneteinket, aktu\u00e1lis aj\u00e1nlatainkat minden potenci\u00e1lis \u00fcgyf\u00e9lhez meghat\u00e1rozott id\u0151ben tudjuk eljuttatni. <\/p>\n\n\n\n<p>S\u0151t, l\u00e9nyegesen<strong> egyszer\u0171bb\u00e9 teheti az online <\/strong>marketingkamp\u00e1nyok hat\u00e9konys\u00e1g\u00e1nak m\u00e9rhet\u0151s\u00e9g\u00e9t, valamint a h\u0171s\u00e9gprogramok \u00e9s k\u00fcl\u00f6nb\u00f6z\u0151 akci\u00f3k tervez\u00e9s\u00e9t is.<\/p>\n\n\n\n<h2 class=\"wp-block-heading\"><strong>Sz\u00f3val nekem is sz\u00fcks\u00e9gem lehet egy \u00e9ttermi CRM rendszer bevezet\u00e9s\u00e9re?<\/strong><\/h2>\n\n\n\n<p>\u00d6sszefoglalva, \u00e9ttermi <strong>CRM rendszernek nevez\u00fcnk<\/strong> minden olyan \u00fcgyf\u00e9lkapcsolati <strong>megold\u00e1st<\/strong>, amely <strong>kifejezetten<\/strong> az \u00e9ttermek m\u0171k\u00f6dtet\u00e9si ig\u00e9nyeit hivatott kiszolg\u00e1lni. <\/p>\n\n\n\n<figure class=\"wp-block-pullquote\"><blockquote><p>Egy ilyen program el\u0151nyei a teljes \u00fcgyf\u00e9l\u00fatra kiterjedhetnek, a szem\u00e9lyre szabott marketingt\u0151l \u00e9s a szolg\u00e1ltat\u00e1sny\u00fajt\u00e1st\u00f3l kezdve eg\u00e9szen a j\u00f3l megtervezett, finomhangolt h\u0171s\u00e9gprogramokig.<\/p><\/blockquote><\/figure>\n\n\n\n<p>Az ilyen \u00e9ttermi szoftverek rendszerek <strong>nagy el\u0151nye<\/strong>, hogy a foglal\u00e1si \u00e9s rendel\u00e9si rendszerbe, valamint az \u00e9ttermi POS rendszerbe is integr\u00e1lhat\u00f3k, \u00edgy a felhaszn\u00e1l\u00e1si lehet\u0151s\u00e9geknek csak a kreativit\u00e1sa szab hat\u00e1rt.<\/p>\n\n\n\n<p>Ez azt jelenti, hogy a <strong>hat\u00e9konyabb<\/strong> m\u0171k\u00f6d\u00e9s \u00e9s <strong>nagyobb<\/strong> produktivit\u00e1s <strong>\u00e9rdek\u00e9ben<\/strong> tulajdonk\u00e9ppen nincs olyan \u00e9tterem, amely <strong>ne l\u00e1tn\u00e1 el\u0151ny\u00e9t <\/strong>egy megfelel\u0151 szoftveres megold\u00e1s mindennapos alkalmaz\u00e1s\u00e1nak.<\/p>\n\n\n\n<hr class=\"wp-block-separator is-style-default\"\/>\n\n\n\n<p class=\"has-text-align-center\"><strong><strong>Nagyon k\u00edv\u00e1ncsiak vagyunk arra, hogy te mit gondolsz a t\u00e9m\u00e1r\u00f3l.<\/strong><br><strong>Ha m\u00e1s az \u00e1ll\u00e1spontod vagy egyet\u00e9rtesz\u00a0blogcikk\u00fcnkkel (vagy csak sim\u00e1n le\u00edrn\u00e1d a v\u00e9lem\u00e9nyed),<\/strong><br><strong>akkor\u00a0megk\u00f6sz\u00f6nn\u00e9nk, ha az al\u00e1bbi blokkban\u00a0te is hozz\u00e1sz\u00f3ln\u00e1l!<\/strong>\ud83d\udc47<\/strong><\/p>\n","protected":false},"excerpt":{"rendered":"<p>Mik azok a CRM rendszerek \u00e9s hogyan seg\u00edthetik egy \u00e9tterem- vagy b\u00e1rtulajdonos, valamint dolgoz\u00f3inak munk\u00e1j\u00e1t? Most megmutatjuk!<\/p>\n","protected":false},"author":1,"featured_media":103,"comment_status":"open","ping_status":"open","sticky":false,"template":"","format":"standard","meta":{"footnotes":""},"categories":[16],"tags":[22],"class_list":["post-292","post","type-post","status-publish","format-standard","has-post-thumbnail","hentry","category-etterem-uzemeltetes","tag-crm"],"_links":{"self":[{"href":"https:\/\/vendegeim.hu\/blog\/wp-json\/wp\/v2\/posts\/292","targetHints":{"allow":["GET"]}}],"collection":[{"href":"https:\/\/vendegeim.hu\/blog\/wp-json\/wp\/v2\/posts"}],"about":[{"href":"https:\/\/vendegeim.hu\/blog\/wp-json\/wp\/v2\/types\/post"}],"author":[{"embeddable":true,"href":"https:\/\/vendegeim.hu\/blog\/wp-json\/wp\/v2\/users\/1"}],"replies":[{"embeddable":true,"href":"https:\/\/vendegeim.hu\/blog\/wp-json\/wp\/v2\/comments?post=292"}],"version-history":[{"count":2,"href":"https:\/\/vendegeim.hu\/blog\/wp-json\/wp\/v2\/posts\/292\/revisions"}],"predecessor-version":[{"id":294,"href":"https:\/\/vendegeim.hu\/blog\/wp-json\/wp\/v2\/posts\/292\/revisions\/294"}],"wp:featuredmedia":[{"embeddable":true,"href":"https:\/\/vendegeim.hu\/blog\/wp-json\/wp\/v2\/media\/103"}],"wp:attachment":[{"href":"https:\/\/vendegeim.hu\/blog\/wp-json\/wp\/v2\/media?parent=292"}],"wp:term":[{"taxonomy":"category","embeddable":true,"href":"https:\/\/vendegeim.hu\/blog\/wp-json\/wp\/v2\/categories?post=292"},{"taxonomy":"post_tag","embeddable":true,"href":"https:\/\/vendegeim.hu\/blog\/wp-json\/wp\/v2\/tags?post=292"}],"curies":[{"name":"wp","href":"https:\/\/api.w.org\/{rel}","templated":true}]}}