{"id":295,"date":"2021-08-10T15:12:00","date_gmt":"2021-08-10T15:12:00","guid":{"rendered":"https:\/\/vendegeim.hu\/blog\/?p=295"},"modified":"2022-04-19T15:39:58","modified_gmt":"2022-04-19T15:39:58","slug":"3-tipp-a-vendegelegedettseg-javitasara","status":"publish","type":"post","link":"https:\/\/vendegeim.hu\/blog\/3-tipp-a-vendegelegedettseg-javitasara\/","title":{"rendered":"3 tipp a vend\u00e9gel\u00e9gedetts\u00e9g jav\u00edt\u00e1s\u00e1ra"},"content":{"rendered":"\n<p>A <strong>j\u00e1rv\u00e1nyhelyzet<\/strong> a vend\u00e9gl\u00e1t\u00f3ipart <strong>k\u00fcl\u00f6n\u00f6sen<\/strong> nehezen <strong>\u00e9rintette<\/strong> \u00e9s rengeteg tanuls\u00e1got hagyott maga ut\u00e1n. A bez\u00e1r\u00e1sokkal \u00e9s korl\u00e1toz\u00e1sokkal s\u00fajtott \u00e9ttermek sz\u00e1m\u00e1ra j\u00f3val hosszabb ideig tart visszar\u00e1z\u00f3dni a norm\u00e1lis ker\u00e9kv\u00e1g\u00e1sba \u00e9s egyre nagyobb hangs\u00falyt kell fektetni\u00fck az emberek bizalm\u00e1nak visszanyer\u00e9s\u00e9re \u00e9s a vend\u00e9gel\u00e9gedetts\u00e9g n\u00f6vel\u00e9s\u00e9re.<\/p>\n\n\n\n<p>A <strong>v\u00e1ls\u00e1ghelyzet<\/strong> sokakkal <strong>megtan\u00edtotta<\/strong>, hogy a vend\u00e9gek <strong>el\u00e9gedetts\u00e9ge<\/strong> szinte mindenn\u00e9l <strong>fontosabb<\/strong> \u00e9s mindent meg kell <strong>tenni<\/strong> annak \u00e9rdek\u00e9ben, hogy egy <strong>bet\u00e9r\u0151<\/strong> \u00fcgyf\u00e9l probl\u00e9mamentesen legyen kiszolg\u00e1lva.<\/p>\n\n\n\n<p>Most azzal kapcsolatban hoztunk p\u00e1r hasznos tippet, hogyan jav\u00edthatod \u00e9ttermi szolg\u00e1ltat\u00e1saidat ak\u00e1r minim\u00e1lis energiabefektet\u00e9ssel \u00e9s hogyan j\u00e1rulhat ez hozz\u00e1 a v\u00e1s\u00e1rl\u00f3i el\u00e9gedetts\u00e9g hat\u00e9kony n\u00f6vel\u00e9s\u00e9hez.<\/p>\n\n\n\n<h2 class=\"wp-block-heading\"><strong>Teremts olyan hangulatot, amiben te is j\u00f3l \u00e9rezn\u00e9d magad<\/strong><\/h2>\n\n\n\n<p>Els\u0151re tal\u00e1n k\u00f6zhelyesen hangzik, de egy <strong>\u00e9tterem<\/strong> sikere nem m\u00e1s, mint az el\u00e9gedett vend\u00e9g. Ahhoz pedig, hogy valaki <strong>el\u00e9gedett<\/strong> legyen szolg\u00e1ltat\u00e1saiddal <strong>nem el\u00e9g csak a j\u00f3 min\u0151s\u00e9g\u0171 <\/strong>alapanyagokra \u00e9s a t\u00f6k\u00e9letes odafigyel\u00e9ssel \u00f6ssze\u00e1ll\u00edtott \u00e9tlapra koncentr\u00e1lni. <\/p>\n\n\n\n<p>Legal\u00e1bb ennyire fontos, hogyha valaki <strong>bet\u00e9r a vend\u00e9gl\u0151dbe<\/strong>, ott j\u00f3l \u00e9rezze mag\u00e1t.<\/p>\n\n\n\n<figure class=\"wp-block-image size-large is-style-default\"><img loading=\"lazy\" decoding=\"async\" width=\"1024\" height=\"682\" src=\"https:\/\/vendegeim.hu\/blog\/wp-content\/uploads\/2022\/04\/132031234_m-1-1024x682.jpeg\" alt=\"Vendegeim_hu_blogcikk_vendegelegedettseg\" class=\"wp-image-117\" srcset=\"https:\/\/vendegeim.hu\/blog\/wp-content\/uploads\/2022\/04\/132031234_m-1-1024x682.jpeg 1024w, https:\/\/vendegeim.hu\/blog\/wp-content\/uploads\/2022\/04\/132031234_m-1-300x200.jpeg 300w, https:\/\/vendegeim.hu\/blog\/wp-content\/uploads\/2022\/04\/132031234_m-1-768x512.jpeg 768w, https:\/\/vendegeim.hu\/blog\/wp-content\/uploads\/2022\/04\/132031234_m-1-1536x1024.jpeg 1536w, https:\/\/vendegeim.hu\/blog\/wp-content\/uploads\/2022\/04\/132031234_m-1-2048x1365.jpeg 2048w, https:\/\/vendegeim.hu\/blog\/wp-content\/uploads\/2022\/04\/132031234_m-1-120x80.jpeg 120w\" sizes=\"auto, (max-width: 1024px) 100vw, 1024px\" \/><figcaption><strong>Minden kis apr\u00f3 elem fontos hat\u00e1ssal lehet a vend\u00e9gel\u00e9gedetts\u00e9gre<\/strong><\/figcaption><\/figure>\n\n\n\n<p>A t\u00f6k\u00e9letes hangulat megteremt\u00e9s\u00e9hez nagyban hozz\u00e1j\u00e1rul a <strong>k\u00f6rnyezet<\/strong>. Fontos a <strong>tiszta<\/strong>, <strong>rendezett<\/strong> megjelen\u00e9s, az <strong>\u00e9ttermed<\/strong> tematik\u00e1j\u00e1hoz illeszked\u0151 <strong>berendez\u00e9s<\/strong>, a <strong>kl\u00edma<\/strong> \u00e9s egy\u00e9b apr\u00f3s\u00e1gok. <\/p>\n\n\n\n<p>De a legfontosabb dolog tal\u00e1n a kedves, <strong>vend\u00e9gk\u00f6zpont\u00fa<\/strong> kiszolg\u00e1l\u00e1s. Hiszen legyen egy \u00e9tterem b\u00e1rmennyire j\u00f3l berendezett, legyen b\u00e1rmilyen impoz\u00e1ns a men\u00fc, ha a <strong>kiszolg\u00e1l\u00e1s<\/strong> nem megfelel\u0151, eg\u00e9sz biztos, hogy nem fogjuk azt <strong>ismer\u0151seinknek<\/strong> aj\u00e1nlani. <br><br>A vend\u00e9gel\u00e9gedetts\u00e9g pedig sokszor pont az ilyen kis apr\u00f3s\u00e1gok \u00e9s r\u00e9szletek \u00f6sszess\u00e9g\u00e9n is m\u00falik. Az emberek im\u00e1dj\u00e1k, hogyha odafigyelsz a n\u00fcanszokra \u00e9s nem akarod elferd\u00edteni el\u0151l\u00fck az igazs\u00e1got. <\/p>\n\n\n\n<figure class=\"wp-block-pullquote\"><blockquote><p>Napjainkban pedig m\u00e1sok v\u00e9lem\u00e9nye fontosabb, mint kor\u00e1bban valaha, hiszen a legt\u00f6bb vend\u00e9g, azel\u0151tt, hogy bet\u00e9rne valahov\u00e1, elolvassa az adott vend\u00e9gl\u0151r\u0151l alkotott v\u00e9lem\u00e9nyeket, \u00e9rt\u00e9kel\u00e9seket az interneten. <\/p><\/blockquote><\/figure>\n\n\n\n<p>Egy-k\u00e9t negat\u00edv tapasztalat pedig m\u00e1r el\u00e9g is lehet ahhoz, hogy m\u00e1s helyet v\u00e1laszon az eb\u00e9dhez vagy a vacsor\u00e1hoz. \u00cdgy a kiszolg\u00e1l\u00e1s min\u0151s\u00e9ge az egyik legfontosabb dolog, amire mindenk\u00e9pp kiemelt figyelmet kell ford\u00edtanod. Ez az egyik legalapvet\u0151bb eleme a kiemelt vend\u00e9gel\u00e9gedetts\u00e9gnek.<\/p>\n\n\n\n<h2 class=\"wp-block-heading\"><strong>Egyre nagyobb jelent\u0151s\u00e9ggel b\u00edr a biztons\u00e1g<\/strong><\/h2>\n\n\n\n<p>A pand\u00e9mia megtan\u00edtotta az embereket arra, hogy a h\u00e9tk\u00f6znapi higi\u00e9nia kiemelten fontos. \u00c9ppen ez\u00e9rt egy vend\u00e9gl\u0151be bet\u00e9rve <strong>egyre t\u00f6bben figyelnek oda <\/strong>arra, hogy az \u00e1ltaluk v\u00e1lasztott hely ne csak tiszta \u00e9s rendezett legyen, de apr\u00f3bb <strong>gesztusokkal<\/strong> is odafigyeljen a <strong>l\u00e1togat\u00f3k<\/strong> eg\u00e9szs\u00e9g\u00e9re.<\/p>\n\n\n\n<p>Ilyen p\u00e9ld\u00e1ul a k\u00e9zfert\u0151tlen\u00edt\u00e9s lehet\u0151s\u00e9g\u00e9nek biztos\u00edt\u00e1sa, mely az elm\u00falt h\u00f3napokban szinte minden \u00e9tteremben alapvet\u0151 k\u00f6vetelm\u00e9ny lett. <\/p>\n\n\n\n<p>\u00c9s b\u00e1r az ajt\u00f3ban <strong>elhelyezett<\/strong> k\u00e9zfert\u0151tlen\u00edt\u0151 \u00e1llom\u00e1sok a <strong>v\u00edrus lecsendesed\u00e9s\u00e9vel <\/strong>sok helyr\u0151l <strong>elt\u0171ntek<\/strong>, ezeket ak\u00e1r az asztalokra kihelyezett, antibakteri\u00e1lis t\u00f6rl\u0151kend\u0151kkel is p\u00f3tolhatod.<\/p>\n\n\n\n<p>A biztons\u00e1gos k\u00f6rnyezet megteremt\u00e9s\u00e9ben sokat jelent tov\u00e1bb\u00e1 az \u00e9rint\u00e9smentes fizet\u00e9si lehet\u0151s\u00e9gek biztos\u00edt\u00e1sa, melyben a legnagyobb seg\u00edts\u00e9get <strong>a POS rendszer moderniz\u00e1l\u00e1sa<\/strong>, eszk\u00f6zparkunk friss\u00edt\u00e9se, naprak\u00e9szen tart\u00e1sa jelenti.<\/p>\n\n\n\n<h2 class=\"wp-block-heading\"><strong>Ne csak azokra gondolj vend\u00e9gel\u00e9gedetts\u00e9g<\/strong> kapcs\u00e1n<strong>, akik be\u00fclnek<\/strong><\/h2>\n\n\n\n<p>M\u00edg a <strong>h\u00e1zhozsz\u00e1ll\u00edt\u00e1s<\/strong> kor\u00e1bban f\u0151k\u00e9nt a <strong>gyors\u00e9ttermekre<\/strong> volt jellemz\u0151, addig m\u00e1ra m\u00e1r a nagy, neves vend\u00e9gl\u00e1t\u00f3helyek sz\u00e1m\u00e1ra sem degrad\u00e1l\u00f3. <\/p>\n\n\n\n<figure class=\"wp-block-pullquote\"><blockquote><p>Bizonyos felm\u00e9r\u00e9sek szerint p\u00e9ld\u00e1ul a fogyaszt\u00f3k 68% -a nagyobb val\u00f3sz\u00edn\u0171s\u00e9ggel rendel otthonra \u00e9telt, mint a j\u00e1rv\u00e1ny el\u0151tt, 53%-uk pedig elengedhetetlennek tartja azt, hogy valahol kisz\u00e1ll\u00edt\u00e1si lehet\u0151s\u00e9g is legyen.<\/p><\/blockquote><\/figure>\n\n\n\n<p>A t\u00f6k\u00e9letes fogyaszt\u00f3i \u00e9lm\u00e9ny \u00e9rdek\u00e9ben pedig az \u0151 el\u00e9gedetts\u00e9g\u00fckre is gondolnod kell. \u00c9ppen ez\u00e9rt fontos, hogy ne csak egyszer\u0171en h\u00e1zhoz sz\u00e1ll\u00edts, <strong>hanem j\u00f3l is sz\u00e1ll\u00edts h\u00e1zhoz. <\/strong><\/p>\n\n\n\n<p>Az \u00e9tel <strong>\u00e9rkezzen mindig id\u0151ben<\/strong>, a min\u0151s\u00e9ge legyen lehet\u0151s\u00e9g szerint kifog\u00e1stalan, az esetleges <strong>kellemetlens\u00e9gek\u00e9rt<\/strong> cser\u00e9be pedig mindig <strong>k\u00edn\u00e1lj<\/strong> fel valami <strong>ellenszolg\u00e1ltat\u00e1st<\/strong> vagy <strong>apr\u00f3 aj\u00e1nd\u00e9kot.<\/strong><\/p>\n\n\n\n<p>A <strong>t\u00f6k\u00e9letes<\/strong> kisz\u00e1ll\u00edt\u00f3i <strong>szolg\u00e1ltat\u00e1s<\/strong> \u00e9rdek\u00e9ben ma m\u00e1r nem felt\u00e9tlen\u00fcl kell saj\u00e1t fut\u00e1rokat alkalmaznod \u00e9s saj\u00e1t rendel\u00e9si rendszert \u00fczemeltetned, hiszen a h\u00e1zhozsz\u00e1ll\u00edt\u00e1st egy harmadik f\u00e9lnek is k\u00f6nnyen kiszervezheted. Ahogy feljebb is m\u00e1r \u00edrtuk, az ilyen apr\u00f3s\u00e1gokon is m\u00falhat a vend\u00e9gel\u00e9gedetts\u00e9g m\u00e9rt\u00e9ke.<\/p>\n\n\n\n<hr class=\"wp-block-separator is-style-default\"\/>\n\n\n\n<p class=\"has-text-align-center\"><strong><strong>Nagyon k\u00edv\u00e1ncsiak vagyunk arra, hogy te mit gondolsz a t\u00e9m\u00e1r\u00f3l.<\/strong><br><strong>Ha m\u00e1s az \u00e1ll\u00e1spontod vagy egyet\u00e9rtesz vend\u00e9gel\u00e9gedetts\u00e9gr\u0151l sz\u00f3l\u00f3\u00a0blogcikk\u00fcnkkel <\/strong><\/strong><br><strong><strong>(vagy csak sim\u00e1n le\u00edrn\u00e1d a v\u00e9lem\u00e9nyed),<\/strong> <strong>akkor\u00a0megk\u00f6sz\u00f6nn\u00e9nk, ha az al\u00e1bbi blokkban\u00a0te is hozz\u00e1sz\u00f3ln\u00e1l!<\/strong>\ud83d\udc47<\/strong><\/p>\n","protected":false},"excerpt":{"rendered":"<p>Mutatunk 3 egyszer\u0171 dolgot, melyek minim\u00e1lis energiabefektet\u00e9ssel seg\u00edtenek jav\u00edtani \u00e9ttermi szolg\u00e1ltat\u00e1saidat, ezen kereszt\u00fcl pedig a v\u00e1s\u00e1rl\u00f3i el\u00e9gedetts\u00e9get is.<\/p>\n","protected":false},"author":1,"featured_media":116,"comment_status":"open","ping_status":"open","sticky":false,"template":"","format":"standard","meta":{"footnotes":""},"categories":[4],"tags":[23],"class_list":["post-295","post","type-post","status-publish","format-standard","has-post-thumbnail","hentry","category-etterem-marketing","tag-vendegelegedettseg"],"_links":{"self":[{"href":"https:\/\/vendegeim.hu\/blog\/wp-json\/wp\/v2\/posts\/295","targetHints":{"allow":["GET"]}}],"collection":[{"href":"https:\/\/vendegeim.hu\/blog\/wp-json\/wp\/v2\/posts"}],"about":[{"href":"https:\/\/vendegeim.hu\/blog\/wp-json\/wp\/v2\/types\/post"}],"author":[{"embeddable":true,"href":"https:\/\/vendegeim.hu\/blog\/wp-json\/wp\/v2\/users\/1"}],"replies":[{"embeddable":true,"href":"https:\/\/vendegeim.hu\/blog\/wp-json\/wp\/v2\/comments?post=295"}],"version-history":[{"count":2,"href":"https:\/\/vendegeim.hu\/blog\/wp-json\/wp\/v2\/posts\/295\/revisions"}],"predecessor-version":[{"id":298,"href":"https:\/\/vendegeim.hu\/blog\/wp-json\/wp\/v2\/posts\/295\/revisions\/298"}],"wp:featuredmedia":[{"embeddable":true,"href":"https:\/\/vendegeim.hu\/blog\/wp-json\/wp\/v2\/media\/116"}],"wp:attachment":[{"href":"https:\/\/vendegeim.hu\/blog\/wp-json\/wp\/v2\/media?parent=295"}],"wp:term":[{"taxonomy":"category","embeddable":true,"href":"https:\/\/vendegeim.hu\/blog\/wp-json\/wp\/v2\/categories?post=295"},{"taxonomy":"post_tag","embeddable":true,"href":"https:\/\/vendegeim.hu\/blog\/wp-json\/wp\/v2\/tags?post=295"}],"curies":[{"name":"wp","href":"https:\/\/api.w.org\/{rel}","templated":true}]}}