{"id":437,"date":"2022-05-12T07:28:00","date_gmt":"2022-05-12T07:28:00","guid":{"rendered":"https:\/\/vendegeim.hu\/blog\/?p=437"},"modified":"2022-05-24T07:40:01","modified_gmt":"2022-05-24T07:40:01","slug":"igy-jutalmazd-az-ettermi-szemelyzet-tagjait","status":"publish","type":"post","link":"https:\/\/vendegeim.hu\/blog\/igy-jutalmazd-az-ettermi-szemelyzet-tagjait\/","title":{"rendered":"A fizet\u00e9semel\u00e9s nem minden: \u00edgy jutalmazhatod az \u00e9ttermi szem\u00e9lyzetet"},"content":{"rendered":"\n<p>Aki m\u00e1r dolgozott a vend\u00e9gl\u00e1t\u00e1son bel\u00fcl, az eg\u00e9sz biztosan tudja, hogy a vend\u00e9gl\u0151kben zajl\u00f3 munka egy\u00e1ltal\u00e1n nem egyszer\u0171.<\/p>\n\n\n\n<figure class=\"wp-block-pullquote\"><blockquote><p>Az \u00e9ttermi szem\u00e9lyzet sokszor \u00e9jszak\u00e1ba ny\u00fal\u00f3 m\u0171szakokat dolgozik \u00e1t, a ny\u00e1ri szezon bek\u00f6sz\u00f6nt\u00e9vel pedig a terhel\u00e9s is n\u00f6vekszik. \u00c9ppen ez\u00e9rt a dolgoz\u00f3k meg\u00e9rdemlik azt, hogy jutalmazd \u0151ket.<\/p><\/blockquote><\/figure>\n\n\n\n<p>Jutalom alatt pedig nem felt\u00e9tlen\u00fcl csak a fizet\u00e9semel\u00e9st \u00e9s az \u00e9v v\u00e9gi pr\u00e9miumot \u00e9rtj\u00fck, hiszen mindenki tudja, hogy a p\u00e9nz nem minden.<\/p>\n\n\n\n<p>Most mutatunk n\u00e9h\u00e1ny olyan m\u00f3dszert, amely seg\u00edt abban, hogy elismert a dolgoz\u00f3id munk\u00e1j\u00e1t \u00e9s t\u00fal nagy extra kiad\u00e1sok n\u00e9lk\u00fcl is megjutalmazhasd \u0151ket!<\/p>\n\n\n\n<p><\/p>\n\n\n\n<h2 class=\"wp-block-heading\"><strong>\u00c9reztesd az <a href=\"https:\/\/vendegeim.hu\/blog\/nehany-tipp-munkaero-toborzashoz\/\" target=\"_blank\" rel=\"noreferrer noopener\">\u00e9ttermi szem\u00e9lyzet<\/a> tagjaival, hogy fontosak<\/strong><\/h2>\n\n\n\n<p>Az egyik \u00e9s <strong>egyben<\/strong> tal\u00e1n <strong>legfontosabb<\/strong> dolog, hogy minden esetben \u00e9reztesd az \u00e9ttermi szem\u00e9lyzet tagjaival, hogy fontosak a sz\u00e1modra.<\/p>\n\n\n\n<p>Hogy t\u00f6bbet jelentenek egyszer\u0171 dolgoz\u00f3kn\u00e1l. Hogy n\u00e9lk\u00fcl\u00fck az \u00fczlet <strong>nem m\u0171k\u00f6dhetne.<\/strong><\/p>\n\n\n\n<figure class=\"wp-block-pullquote\"><blockquote><p>Ennek \u00e9rdek\u00e9ben a legfontosabb dolog, hogy olyan munkak\u00f6r\u00fclm\u00e9nyeket biztos\u00edts sz\u00e1mukra, ahol val\u00f3ban \u00f6r\u00f6m a munkav\u00e9gz\u00e9s.<\/p><\/blockquote><\/figure>\n\n\n\n<p>Ny\u00e1ron gondoskodj a l\u00e9gkondicion\u00e1l\u00e1sr\u00f3l \u00e9s mindenki kapjon annyi pihen\u0151t, amennyit munka k\u00f6zben meg\u00e9rdemel.Ha pedig szeretn\u00e9l egy kis extr\u00e1val is a kedv\u00fckben j\u00e1rni, szint\u00e9n rengeteg apr\u00f3s\u00e1ggal kedveskedhetsz.<\/p>\n\n\n\n<p>P\u00e9ld\u00e1ul <strong>nevezz<\/strong> el r\u00f3luk valamit az <strong>\u00e9tlapon<\/strong>. Ez els\u0151re furcs\u00e1n hangzik, azonban gondolj bele: a legt\u00f6bb \u00e9tteremben tal\u00e1lkozhatunk a &#8222;konyhaf\u0151n\u00f6k kedvenc\u00e9vel&#8221;. <strong>Mi\u00e9rt ne lehetne<\/strong> egy \u00e1lland\u00f3 <strong>\u00e9tel<\/strong> vagy <strong>ital<\/strong> a \u201eszem\u00e9lyzet kedvence\u201d, esetleg egy id\u0151szakos <strong>k\u00fcl\u00f6nlegess\u00e9g<\/strong> elnevezve valakir\u0151l?<\/p>\n\n\n\n<p>Ak\u00e1r egy havi kis <strong>versenyt<\/strong> is <strong>szervezhetsz<\/strong> az ut\u00f3bbi dolog k\u00f6r\u00e9: aki a leg\u00e9rdekesebb \u00faj\u00edt\u00e1st tal\u00e1lja ki, annak a neve felker\u00fcl az \u00e9tlapra.<\/p>\n\n\n\n<p>Rendhagy\u00f3 \u00e9s \u00e9rdekes kis <strong>figyelmess\u00e9g<\/strong>, \u00e9s eg\u00e9sz biztos, hogy <strong>mindenki<\/strong> \u00f6r\u00fclni fog neki.<\/p>\n\n\n\n<p>Az az \u00e9ttermi szem\u00e9lyzet tag pedig a havi \u00e9tel- vagy italk\u00fcl\u00f6nlegess\u00e9g a nev\u00e9t kapta, eg\u00e9sz biztos sz\u00edvesen aj\u00e1nlja majd az \u00e9ttermet ismer\u0151seinek, rokonainak \u00e9s bar\u00e1tainak is!<\/p>\n\n\n\n<p><\/p>\n\n\n\n<h2 class=\"wp-block-heading\"><strong>Csapat\u00e9p\u00edt\u0151 parti: nemcsak az irodai dolgoz\u00f3k kiv\u00e1lts\u00e1ga<\/strong><\/h2>\n\n\n\n<p>A <strong>partikat<\/strong> szinte mindenki <strong>szereti<\/strong>, k\u00fcl\u00f6n\u00f6sen akkor, ha ingyenes az \u00e9tel- \u00e9s az italfogyaszt\u00e1s.<\/p>\n\n\n\n<p>\u00c9ppen ez\u00e9rt <strong>\u00e9vente 1-2 alkalommal<\/strong> \u00e9rdemes betervezni egy j\u00f3 csapat\u00e9p\u00edt\u0151 bulit, amelyen a szem\u00e9lyzet v\u00e9gre kiszakadhat a j\u00f3l megszokott k\u00f6rnyezetb\u0151l \u00e9s egy m\u00e1sik b\u00e1rban vagy \u00e9tteremben vend\u00e9gk\u00e9nt laz\u00edthat.<\/p>\n\n\n\n<figure class=\"wp-block-pullquote\"><blockquote><p>A l\u00e9nyeg az, hogy kreat\u00edvak legy\u00fcnk, \u00e9s id\u0151t sz\u00e1njunk a csapat tagjaira. \u00dcnnepelj\u00fck meg kem\u00e9ny munk\u00e1jukat, \u00e9s tudassuk vel\u00fck, mennyire \u00e9rt\u00e9kelj\u00fck a kitart\u00e1sukat.<\/p><\/blockquote><\/figure>\n\n\n\n<p>Ez egyr\u00e9szt lehet\u0151s\u00e9get ad arra, hogy kifejezd a h\u00e1l\u00e1dat az eg\u00e9sz \u00e9ves, t\u00f6retlen munk\u00e1juk\u00e9rt, m\u00e1sr\u00e9szt pedig arra is, hogy az \u00e9ttermi szem\u00e9lyzet tagjai jobban megismerj\u00e9k egym\u00e1st.<\/p>\n\n\n\n<figure class=\"wp-block-image size-large is-style-default\"><img loading=\"lazy\" decoding=\"async\" width=\"1024\" height=\"683\" src=\"https:\/\/vendegeim.hu\/blog\/wp-content\/uploads\/2022\/05\/20_etterem_szemelyzet_vendegeim_hu_blogcikk_2022_majus_fokep-1024x683.jpeg\" alt=\"Vendegeim_hu_blogcikk_ettermi_szemelyzet\" class=\"wp-image-442\" srcset=\"https:\/\/vendegeim.hu\/blog\/wp-content\/uploads\/2022\/05\/20_etterem_szemelyzet_vendegeim_hu_blogcikk_2022_majus_fokep-1024x683.jpeg 1024w, https:\/\/vendegeim.hu\/blog\/wp-content\/uploads\/2022\/05\/20_etterem_szemelyzet_vendegeim_hu_blogcikk_2022_majus_fokep-300x200.jpeg 300w, https:\/\/vendegeim.hu\/blog\/wp-content\/uploads\/2022\/05\/20_etterem_szemelyzet_vendegeim_hu_blogcikk_2022_majus_fokep-768x512.jpeg 768w, https:\/\/vendegeim.hu\/blog\/wp-content\/uploads\/2022\/05\/20_etterem_szemelyzet_vendegeim_hu_blogcikk_2022_majus_fokep-120x80.jpeg 120w, https:\/\/vendegeim.hu\/blog\/wp-content\/uploads\/2022\/05\/20_etterem_szemelyzet_vendegeim_hu_blogcikk_2022_majus_fokep.jpeg 1254w\" sizes=\"auto, (max-width: 1024px) 100vw, 1024px\" \/><figcaption>A csapatod jobban fog \u00f6r\u00fclni az ilyen kimozdul\u00e1soknak, mint gondoln\u00e1d<\/figcaption><\/figure>\n\n\n\n<p>Ut\u00f3bbi m\u00e1r csak az\u00e9rt is remek dolog, mert egy j\u00f3l \u00f6sszekov\u00e1csol\u00f3dott \u00e9ttermi szem\u00e9lyzet tagjai a h\u00e9tk\u00f6znapokban is sz\u00edvesebben \u00e9s hat\u00e9konyabban dolgoznak egy\u00fctt, ez pedig \u00e1ltal\u00e1ban az \u00e9telek min\u0151s\u00e9g\u00e9n \u00e9s a vend\u00e9gek el\u00e9gedetts\u00e9g\u00e9n is \u00e9rezhet\u0151.<\/p>\n\n\n\n<p><\/p>\n\n\n\n<h2 class=\"wp-block-heading\"><strong>A sz\u00fclet\u00e9snapok meg\u00fcnnepl\u00e9se: t\u00f6bb mint egyszer\u0171 figyelmess\u00e9g<\/strong><\/h2>\n\n\n\n<p>Ha a <strong>szem\u00e9lyzet<\/strong> tagjait <strong>sz\u00fclet\u00e9snapjukon<\/strong> egy kis apr\u00f3 <strong>figyelmess\u00e9ggel<\/strong> fogadod, az t\u00f6bb szempontb\u00f3l is j\u00f3 d\u00f6nt\u00e9s lehet. <strong>Mindenki<\/strong> \u00f6r\u00fcl ugyanis annak, ha nem <strong>feledkeznek<\/strong> meg r\u00f3la \u00e9s nem \u00fagy <strong>kezelik<\/strong>, mint <strong>egyet<\/strong> a sok dolgoz\u00f3 k\u00f6z\u00fcl.<\/p>\n\n\n\n<p>Egy apr\u00f3 aj\u00e1nd\u00e9k vagy a munkaid\u0151 v\u00e9g\u00e9n t\u00f6rt\u00e9n\u0151 k\u00f6sz\u00f6nt\u00e9s seg\u00edt abban, hogy a szem\u00e9lyzet tagjai k\u00fcl\u00f6nlegesnek \u00e9rezz\u00e9k magukat, ami a munkahely\u00fck ir\u00e1nti lojalit\u00e1sukra is j\u00f3 hat\u00e1ssal lesz.<\/p>\n\n\n\n<figure class=\"wp-block-pullquote\"><blockquote><p>Figyelj azonban arra, hogy nem mindenki szereti, ha k\u00f6z\u00e9ppontba ker\u00fcl.<\/p><\/blockquote><\/figure>\n\n\n\n<p>\u00c9ppen ez\u00e9rt <strong>a nagy partikat<\/strong> \u00e9s <strong>l\u00e1tv\u00e1nyos<\/strong> meglepet\u00e9seket ilyenkor <strong>\u00e9rdemes<\/strong> ker\u00fclni, \u00e9s egy olyan apr\u00f3 <strong>figyelmess\u00e9gre<\/strong> hagyatkozni, amely \u00e9rezteti <strong>dolgoz\u00f3iddal<\/strong>, hogy <strong>fontosak<\/strong> a sz\u00e1modra, azonban semmilyen szempontb\u00f3l nem hozza \u0151ket <strong>kellemetlen<\/strong> helyzetbe.<\/p>\n\n\n\n<hr class=\"wp-block-separator is-style-default\"\/>\n\n\n\n<p class=\"has-text-align-center\"><strong>Nagyon k\u00edv\u00e1ncsiak vagyunk arra, hogy te mit gondolsz a t\u00e9m\u00e1r\u00f3l.<br>Ha m\u00e1s az \u00e1ll\u00e1spontod vagy egyet\u00e9rtesz&nbsp;blogcikk\u00fcnkkel (vagy csak sim\u00e1n le\u00edrn\u00e1d a v\u00e9lem\u00e9nyed),<br>akkor&nbsp;megk\u00f6sz\u00f6nn\u00e9nk, ha az al\u00e1bbi blokkban&nbsp;te is hozz\u00e1sz\u00f3ln\u00e1l!\ud83d\udc47<\/strong><\/p>\n","protected":false},"excerpt":{"rendered":"<p>Mutatunk n\u00e9h\u00e1ny jutalmaz\u00e1si m\u00f3dszert, amely a fizet\u00e9semel\u00e9s mellett seg\u00edt az \u00e9ttermi szem\u00e9lyzet jutalmaz\u00e1s\u00e1ban.<\/p>\n","protected":false},"author":1,"featured_media":440,"comment_status":"open","ping_status":"open","sticky":false,"template":"","format":"standard","meta":{"footnotes":""},"categories":[1],"tags":[41],"class_list":["post-437","post","type-post","status-publish","format-standard","has-post-thumbnail","hentry","category-egyeb","tag-szemelyzet"],"_links":{"self":[{"href":"https:\/\/vendegeim.hu\/blog\/wp-json\/wp\/v2\/posts\/437","targetHints":{"allow":["GET"]}}],"collection":[{"href":"https:\/\/vendegeim.hu\/blog\/wp-json\/wp\/v2\/posts"}],"about":[{"href":"https:\/\/vendegeim.hu\/blog\/wp-json\/wp\/v2\/types\/post"}],"author":[{"embeddable":true,"href":"https:\/\/vendegeim.hu\/blog\/wp-json\/wp\/v2\/users\/1"}],"replies":[{"embeddable":true,"href":"https:\/\/vendegeim.hu\/blog\/wp-json\/wp\/v2\/comments?post=437"}],"version-history":[{"count":3,"href":"https:\/\/vendegeim.hu\/blog\/wp-json\/wp\/v2\/posts\/437\/revisions"}],"predecessor-version":[{"id":448,"href":"https:\/\/vendegeim.hu\/blog\/wp-json\/wp\/v2\/posts\/437\/revisions\/448"}],"wp:featuredmedia":[{"embeddable":true,"href":"https:\/\/vendegeim.hu\/blog\/wp-json\/wp\/v2\/media\/440"}],"wp:attachment":[{"href":"https:\/\/vendegeim.hu\/blog\/wp-json\/wp\/v2\/media?parent=437"}],"wp:term":[{"taxonomy":"category","embeddable":true,"href":"https:\/\/vendegeim.hu\/blog\/wp-json\/wp\/v2\/categories?post=437"},{"taxonomy":"post_tag","embeddable":true,"href":"https:\/\/vendegeim.hu\/blog\/wp-json\/wp\/v2\/tags?post=437"}],"curies":[{"name":"wp","href":"https:\/\/api.w.org\/{rel}","templated":true}]}}